{"id":7650,"date":"2025-01-23T09:31:17","date_gmt":"2025-01-23T09:31:17","guid":{"rendered":"https:\/\/selftherapie.com\/?p=7650"},"modified":"2025-01-23T09:31:17","modified_gmt":"2025-01-23T09:31:17","slug":"premiere-presentation-en-anglais-de-lintelligence-relationnelle-en-europe","status":"publish","type":"post","link":"https:\/\/selftherapie.com\/en\/premiere-presentation-en-anglais-de-lintelligence-relationnelle-en-europe\/","title":{"rendered":"The first English-language presentation of Relational Intelligence\u00ae in Europe"},"content":{"rendered":"<h3><b>D\u00e9couvrez l&rsquo;Intelligence Relationnelle\u00ae !<\/b><\/h3>\n<h4><b>Deux journ\u00e9es d&rsquo;introduction<\/b><\/h4>\n<p><span style=\"font-weight: 400;\">Participez \u00e0 une d\u00e9couverte des bases qui fondent le mod\u00e8le de psychoth\u00e9rapie <\/span><b>Intelligence Relationnelle\u00ae<\/b><span style=\"font-weight: 400;\"> au travers d&rsquo;expos\u00e9s et de practicums encadr\u00e9s. D\u00e9velopp\u00e9e par Fran\u00e7ois Le Doze, cette m\u00e9thode s&rsquo;appuie sur les derni\u00e8res avanc\u00e9es en neurosciences pour favoriser la gu\u00e9rison des traumatismes et la r\u00e9gulation du Syst\u00e8me Nerveux Autonome (SNA).<\/span><\/p>\n<h2 style=\"text-align: center;\"><span style=\"color: #ff9900;\"><a style=\"color: #ff9900;\" href=\"https:\/\/selftherapie.com\/wp-content\/uploads\/2022\/11\/FLYER-LONDON-1.pdf\" target=\"_blank\" rel=\"noopener\">&#8211;&gt; <strong>Voir le flyer de pr\u00e9sentation &lt;&#8211;<\/strong><\/a><\/span><\/h2>\n<hr \/>\n<h3><b>Pourquoi participer ?<\/b><\/h3>\n<ul>\n<li style=\"font-weight: 400;\" aria-level=\"1\"><b>Comprendre<\/b><span style=\"font-weight: 400;\"> les m\u00e9canismes du SNA et leur impact sur la s\u00e9curit\u00e9 relationnelle.<\/span><\/li>\n<li style=\"font-weight: 400;\" aria-level=\"1\"><b>D\u00e9couvrir<\/b><span style=\"font-weight: 400;\"> comment les traumas influencent la r\u00e9gulation \u00e9motionnelle et relationnelle.<\/span><\/li>\n<li style=\"font-weight: 400;\" aria-level=\"1\"><b>Explorer<\/b><span style=\"font-weight: 400;\"> des approches pratiques sous la supervision d&rsquo;assistants exp\u00e9riment\u00e9s.<\/span><\/li>\n<li style=\"font-weight: 400;\" aria-level=\"1\"><b>Appr\u00e9cier<\/b><span style=\"font-weight: 400;\"> les bases th\u00e9oriques et pratiques pour \u00e9valuer le potentiel de cette approche.<\/span><\/li>\n<li style=\"font-weight: 400;\" aria-level=\"1\"><b>\u00c9valuer<\/b><span style=\"font-weight: 400;\"> si vous inscrire dans le parcours de formation \u00e0 l\u2019IR pourrait enrichir votre pratique th\u00e9rapeutique.<\/span><\/li>\n<\/ul>\n<hr \/>\n<h3><b>Ce que vous allez d\u00e9couvrir<\/b><\/h3>\n<ul>\n<li style=\"font-weight: 400;\" aria-level=\"1\"><span style=\"font-weight: 400;\">Les <\/span><b>fondements neurobiologiques<\/b><span style=\"font-weight: 400;\"> de l&rsquo;Intelligence Relationnelle\u00ae.<\/span><\/li>\n<li style=\"font-weight: 400;\" aria-level=\"1\"><span style=\"font-weight: 400;\">Le r\u00f4le de la <\/span><b>th\u00e9orie de l&rsquo;attachement<\/b><span style=\"font-weight: 400;\"> et du <\/span><b>SNA<\/b><span style=\"font-weight: 400;\"> dans la relation d&rsquo;aide.<\/span><\/li>\n<li style=\"font-weight: 400;\" aria-level=\"1\"><span style=\"font-weight: 400;\">Une application originale de la <\/span><b>Th\u00e9orie Polyvagale<\/b><span style=\"font-weight: 400;\"> \u00e0 la psychoth\u00e9rapie.<\/span><\/li>\n<li style=\"font-weight: 400;\" aria-level=\"1\"><span style=\"font-weight: 400;\">L&rsquo;importance de la <\/span><b>s\u00e9curit\u00e9 relationnelle<\/b><span style=\"font-weight: 400;\"> pour mener un accompagnement.<\/span><\/li>\n<\/ul>\n<hr \/>\n<h3><b>Public concern\u00e9<\/b><\/h3>\n<p><span style=\"font-weight: 400;\">Psychologues, th\u00e9rapeutes, coachs, m\u00e9diateurs, professionnels de la relation d\u2019aide, personnes en reconversion, etc.<\/span><\/p>\n<hr \/>\n<h3><b>Dates et lieu<\/b><\/h3>\n<p data-pm-slice=\"1 1 [&quot;bullet_list&quot;,{&quot;fontFamily&quot;:null,&quot;fontSize&quot;:null,&quot;lineHeight&quot;:null,&quot;textAlign&quot;:null,&quot;class&quot;:null,&quot;id&quot;:null,&quot;style&quot;:null},&quot;list_item&quot;,{&quot;listColor&quot;:&quot;#ffffff&quot;,&quot;lineHeight&quot;:null,&quot;textAlign&quot;:null,&quot;class&quot;:null,&quot;id&quot;:null,&quot;style&quot;:null}]\">18 et 19 octobre 2025<\/p>\n<p data-pm-slice=\"1 1 [&quot;bullet_list&quot;,{&quot;fontFamily&quot;:null,&quot;fontSize&quot;:null,&quot;lineHeight&quot;:null,&quot;textAlign&quot;:null,&quot;class&quot;:null,&quot;id&quot;:null,&quot;style&quot;:null},&quot;list_item&quot;,{&quot;listColor&quot;:&quot;#ffffff&quot;,&quot;lineHeight&quot;:null,&quot;textAlign&quot;:null,&quot;class&quot;:null,&quot;id&quot;:null,&quot;style&quot;:null}]\">Colet House, 151 Talgarth Road, London, W14 9DA<\/p>\n<h3><a href=\"https:\/\/selftherapie.com\/formations\/ir-106-introduction-a-lir-londres2025\/\" target=\"_blank\" rel=\"noopener\"><img decoding=\"async\" class=\"alignnone wp-image-7654 size-medium\" src=\"https:\/\/selftherapie.com\/wp-content\/uploads\/2025\/01\/1234-300x87.jpg\" alt=\"\" width=\"300\" height=\"87\" srcset=\"https:\/\/selftherapie.com\/wp-content\/uploads\/2025\/01\/1234-300x87.jpg 300w, https:\/\/selftherapie.com\/wp-content\/uploads\/2025\/01\/1234-18x5.jpg 18w, https:\/\/selftherapie.com\/wp-content\/uploads\/2025\/01\/1234.jpg 416w\" sizes=\"(max-width: 300px) 100vw, 300px\" \/><\/a><\/h3>\n<p>&nbsp;<\/p>\n<p><span style=\"font-weight: 400;\">Ces journ\u00e9es visent \u00e0 pr\u00e9senter les bases de l\u2019Intelligence Relationnelle\u00ae et \u00e0 permettre aux participants d\u2019en exp\u00e9rimenter certains aspects au sein de groupes de pratique encadr\u00e9s.<\/span><\/p>\n<p><span style=\"font-weight: 400;\">Ce mod\u00e8le s&rsquo;appuie sur les m\u00e9canismes neurobiologiques li\u00e9s \u00e0 la th\u00e9orie de l&rsquo;attachement et au SNA, qui r\u00e9gissent la s\u00e9curit\u00e9 relationnelle et influencent notre capacit\u00e9 \u00e0 g\u00e9rer les traumatismes. Au cours de ces deux journ\u00e9es, vous comprendrez l&rsquo;origine et l&rsquo;impact des traumatismes sur le SNA et d\u00e9couvrirez des approches th\u00e9rapeutiques fond\u00e9es sur la s\u00e9curit\u00e9 relationnelle, visant \u00e0 favoriser la r\u00e9association du SNA et \u00e0 soutenir le processus de gu\u00e9rison des traumatismes. Ces approches permettront \u00e9galement de mieux comprendre comment le SNA r\u00e9agit \u00e0 l&rsquo;engagement relationnel, offrant ainsi un cadre pratique pour \u00e9valuer leur efficacit\u00e9 dans un contexte th\u00e9rapeutique.<\/span><\/p>\n<p><span style=\"font-weight: 400;\">Ces apports seront faits en tenant compte des donn\u00e9es actuelles en neurosciences dans le domaine du traumatisme psychique. L&rsquo;Intelligence Relationnelle\u00ae est une m\u00e9thode de psychoth\u00e9rapie neurobiologique associative qui s&rsquo;int\u00e9resse directement au cerveau, afin de le gu\u00e9rir des cons\u00e9quences des traumas et de retrouver les capacit\u00e9s inn\u00e9es de r\u00e9gulation \u00e9motionnelle et relationnelle du SNA.<\/span><\/p>\n<p><span style=\"font-weight: 400;\">Fran\u00e7ois Le Doze, cr\u00e9ateur du mod\u00e8le d&rsquo;Intelligence Relationnelle\u00ae, vous pr\u00e9sentera une vue d&rsquo;ensemble de ce mod\u00e8le, accompagn\u00e9 d&rsquo;assistants exp\u00e9riment\u00e9s. Vous serez invit\u00e9 \u00e0 explorer la dimension associative lors de pratiques guid\u00e9es, encadr\u00e9es par ces assistants, qui vous d\u00e9tailleront chaque \u00e9tape essentielle d&rsquo;une s\u00e9ance de psychoth\u00e9rapie en Intelligence Relationnelle\u00ae. Ces pratiques ont pour objectif de renforcer votre compr\u00e9hension des concepts-cl\u00e9s tout en vous offrant une exp\u00e9rience concr\u00e8te des processus \u00e0 l&rsquo;\u0153uvre.<\/span><\/p>\n<p><span style=\"font-weight: 400;\">\u00c0 l&rsquo;issue de ces deux journ\u00e9es, vous repartirez avec des \u00e9l\u00e9ments th\u00e9oriques et une exp\u00e9rience pratique qui vous permettront de mieux comprendre les principes de cette approche, d&rsquo;envisager son potentiel th\u00e9rapeutique et d&rsquo;appr\u00e9cier l&rsquo;int\u00e9r\u00eat de vous former \u00e0 cette approche.<\/span><\/p>\n<p>&nbsp;<\/p>\n<p>&nbsp;<\/p>\n","protected":false},"excerpt":{"rendered":"<p>D\u00e9couvrez l&rsquo;Intelligence Relationnelle\u00ae ! Deux journ\u00e9es d&rsquo;introduction Participez \u00e0 une d\u00e9couverte des bases qui fondent le mod\u00e8le de psychoth\u00e9rapie Intelligence Relationnelle\u00ae au travers d&rsquo;expos\u00e9s et de practicums encadr\u00e9s. D\u00e9velopp\u00e9e par Fran\u00e7ois Le Doze, cette m\u00e9thode s&rsquo;appuie sur les derni\u00e8res avanc\u00e9es en neurosciences pour favoriser la gu\u00e9rison des traumatismes et la r\u00e9gulation du Syst\u00e8me Nerveux Autonome [&hellip;]<\/p>\n","protected":false},"author":1,"featured_media":7658,"comment_status":"open","ping_status":"open","sticky":false,"template":"","format":"standard","meta":{"_acf_changed":false,"footnotes":""},"categories":[28,1,27,31],"tags":[],"class_list":["post-7650","post","type-post","status-publish","format-standard","has-post-thumbnail","hentry","category-articles","category-uncategorized","category-rencontres","category-seminaires","wpbf-post"],"acf":[],"_links":{"self":[{"href":"https:\/\/selftherapie.com\/en\/wp-json\/wp\/v2\/posts\/7650","targetHints":{"allow":["GET"]}}],"collection":[{"href":"https:\/\/selftherapie.com\/en\/wp-json\/wp\/v2\/posts"}],"about":[{"href":"https:\/\/selftherapie.com\/en\/wp-json\/wp\/v2\/types\/post"}],"author":[{"embeddable":true,"href":"https:\/\/selftherapie.com\/en\/wp-json\/wp\/v2\/users\/1"}],"replies":[{"embeddable":true,"href":"https:\/\/selftherapie.com\/en\/wp-json\/wp\/v2\/comments?post=7650"}],"version-history":[{"count":7,"href":"https:\/\/selftherapie.com\/en\/wp-json\/wp\/v2\/posts\/7650\/revisions"}],"predecessor-version":[{"id":7687,"href":"https:\/\/selftherapie.com\/en\/wp-json\/wp\/v2\/posts\/7650\/revisions\/7687"}],"wp:featuredmedia":[{"embeddable":true,"href":"https:\/\/selftherapie.com\/en\/wp-json\/wp\/v2\/media\/7658"}],"wp:attachment":[{"href":"https:\/\/selftherapie.com\/en\/wp-json\/wp\/v2\/media?parent=7650"}],"wp:term":[{"taxonomy":"category","embeddable":true,"href":"https:\/\/selftherapie.com\/en\/wp-json\/wp\/v2\/categories?post=7650"},{"taxonomy":"post_tag","embeddable":true,"href":"https:\/\/selftherapie.com\/en\/wp-json\/wp\/v2\/tags?post=7650"}],"curies":[{"name":"wp","href":"https:\/\/api.w.org\/{rel}","templated":true}]}}