{"id":712,"date":"2020-12-09T16:09:52","date_gmt":"2020-12-09T16:09:52","guid":{"rendered":"https:\/\/selftherapie.net\/nouvelle-video-temoignage-dune-stagiaire\/"},"modified":"2020-12-09T16:09:52","modified_gmt":"2020-12-09T16:09:52","slug":"nouvelle-video-temoignage-dune-stagiaire","status":"publish","type":"post","link":"https:\/\/selftherapie.com\/en\/nouvelle-video-temoignage-dune-stagiaire\/","title":{"rendered":"New video : Testimony of a trainee..."},"content":{"rendered":"<p>Here's a video featuring the testimonial of Cateline, a trainee registered for the Lyon 2019 training course.<\/p>\n<p>This video is also an opportunity for us to inaugurate our youtube channel, on which you will regularly discover new video content, (<span style=\"color: #800000;\"><strong><a style=\"color: #800000;\" href=\"https:\/\/www.youtube.com\/channel\/UC7YE-LLJnii62b0OuvuwyaQ\">go directly to our youtube channel via this link<\/a><\/strong><\/span>), as well as our new\u00ab\u00a0<span style=\"color: #800000;\"><strong><a style=\"color: #800000;\" href=\"https:\/\/selftherapie.com\/en\/videos\/\">videos<\/a><\/strong><\/span>\u00a0\u00bbThe event will feature a range of multimedia content related to Relational Intelligence\u00ae and IFS.<\/p>\n<p><img fetchpriority=\"high\" decoding=\"async\" class=\"wp-image-4460 size-full aligncenter\" src=\"https:\/\/www.selftherapie.com\/wp-content\/uploads\/2019\/12\/2019-12-12_10h46_36.png\" alt=\"\" width=\"889\" height=\"226\" \/><\/p>\n<p>Cateline's testimonial, which we would like to thank for sharing...<\/p>\n<div class=\"wpbf-responsive-embed\"><iframe title=\"Intelligence Relationnelle -T\u00e9moignage de CATELINE - Formation Lyon 2019\" width=\"1200\" height=\"675\" src=\"https:\/\/www.youtube.com\/embed\/BaTNyrVn7Ec?feature=oembed\" frameborder=\"0\" allow=\"accelerometer; autoplay; clipboard-write; encrypted-media; gyroscope; picture-in-picture\" allowfullscreen><\/iframe><\/div>","protected":false},"excerpt":{"rendered":"<p>Voici une vid\u00e9o pr\u00e9sentant le t\u00e9moignage de Cateline, stagiaire inscrite \u00e0 la formation de Lyon 2019. C&rsquo;est \u00e9galement l&rsquo;occasion pour nous d&rsquo;inaugurer, \u00e0 travers cette vid\u00e9o, notre cha\u00eene youtube, sur laquelle vous d\u00e9couvrirez r\u00e9guli\u00e8rement de nouveaux contenus vid\u00e9os, (acc\u00e9dez directement \u00e0 notre cha\u00eene youtube via ce lien), ainsi que notre nouvelle page \u00ab\u00a0vid\u00e9os\u00a0\u00bb qui pr\u00e9sentera [&hellip;]<\/p>\n","protected":false},"author":1,"featured_media":713,"comment_status":"open","ping_status":"open","sticky":false,"template":"","format":"standard","meta":{"_acf_changed":false,"footnotes":""},"categories":[26],"tags":[],"class_list":["post-712","post","type-post","status-publish","format-standard","has-post-thumbnail","hentry","category-videos","wpbf-post"],"acf":[],"_links":{"self":[{"href":"https:\/\/selftherapie.com\/en\/wp-json\/wp\/v2\/posts\/712","targetHints":{"allow":["GET"]}}],"collection":[{"href":"https:\/\/selftherapie.com\/en\/wp-json\/wp\/v2\/posts"}],"about":[{"href":"https:\/\/selftherapie.com\/en\/wp-json\/wp\/v2\/types\/post"}],"author":[{"embeddable":true,"href":"https:\/\/selftherapie.com\/en\/wp-json\/wp\/v2\/users\/1"}],"replies":[{"embeddable":true,"href":"https:\/\/selftherapie.com\/en\/wp-json\/wp\/v2\/comments?post=712"}],"version-history":[{"count":0,"href":"https:\/\/selftherapie.com\/en\/wp-json\/wp\/v2\/posts\/712\/revisions"}],"wp:featuredmedia":[{"embeddable":true,"href":"https:\/\/selftherapie.com\/en\/wp-json\/wp\/v2\/media\/713"}],"wp:attachment":[{"href":"https:\/\/selftherapie.com\/en\/wp-json\/wp\/v2\/media?parent=712"}],"wp:term":[{"taxonomy":"category","embeddable":true,"href":"https:\/\/selftherapie.com\/en\/wp-json\/wp\/v2\/categories?post=712"},{"taxonomy":"post_tag","embeddable":true,"href":"https:\/\/selftherapie.com\/en\/wp-json\/wp\/v2\/tags?post=712"}],"curies":[{"name":"wp","href":"https:\/\/api.w.org\/{rel}","templated":true}]}}