{"id":657,"date":"2020-12-09T16:09:25","date_gmt":"2020-12-09T16:09:25","guid":{"rendered":"https:\/\/selftherapie.net\/comment-cultiver-son-intelligence-emotionnelle\/"},"modified":"2020-12-09T16:09:25","modified_gmt":"2020-12-09T16:09:25","slug":"comment-cultiver-son-intelligence-emotionnelle","status":"publish","type":"post","link":"https:\/\/selftherapie.com\/en\/comment-cultiver-son-intelligence-emotionnelle\/","title":{"rendered":"How to cultivate emotional intelligence"},"content":{"rendered":"<p>We would like to inform you of the publication of a new book by Gilles CORCOS: \u00abCOMMENT CULTIVER SON INTELLIGENCE EMOTIONNELLE\u00bb (HOW TO CULTIVATE YOUR EMOTIONAL INTELLIGENCE).\u00bb<\/p>\n<p>Publisher's presentation:<\/p>\n<p>\u00abWe all have a \u00abtheoretical\u00bb intelligence that helps us solve problems and acquire knowledge, and then there's the intelligence known as \u00abemotional\u00bb, which invites us to feel things, to connect with our intuition to live in harmony with ourselves and with others. Developing this emotional intelligence enables us to communicate more effectively and acquire greater self-confidence and serenity. This book invites readers to embark on a true inner journey, with theoretical insights and personal accounts, as well as a wealth of exercises and tests to help them not only understand, but also train themselves to apply their emotional intelligence to all areas of their lives. Free yourself from the tyranny of IQ\u00bb.<\/p>\n<p>To purchase this book, click on this image:<\/p>\n<p><a href=\"http:\/\/amzn.to\/2d9DUes\"><img fetchpriority=\"high\" decoding=\"async\" class=\"alignnone size-medium wp-image-2416\" src=\"http:\/\/www.selftherapie.com\/wp-content\/uploads\/2016\/09\/9782035918574-194x300.jpg\" alt=\"9782035918574\" width=\"194\" height=\"300\" \/><\/a><\/p>\n<p>The author's website :\u00a0<a href=\"http:\/\/www.odysseemotion.com\/\">http:\/\/www.odysseemotion.com\/<\/a><\/p>\n<p>&nbsp;<\/p>\n<p>&nbsp;<\/p>","protected":false},"excerpt":{"rendered":"<p>Nous vous informons de la sortie d&rsquo;un nouvel ouvrage de Gilles CORCOS : \u00ab\u00a0COMMENT CULTIVER SON INTELLIGENCE EMOTIONNELLE\u00a0\u00bb Pr\u00e9sentation \u00e9diteur\u00a0: \u00ab\u00a0Nous avons tous une intelligence \u00ab\u00a0th\u00e9orique\u00a0\u00bb qui nous aide \u00e0 r\u00e9soudre des probl\u00e8mes et \u00e0 acqu\u00e9rir des connaissances et puis il y a l&rsquo;intelligence, dite \u00ab\u00a0\u00e9motionnelle\u00a0\u00bb, qui nous invite \u00e0 ressentir les choses, \u00e0 nous [&hellip;]<\/p>\n","protected":false},"author":1,"featured_media":658,"comment_status":"open","ping_status":"open","sticky":false,"template":"","format":"standard","meta":{"_acf_changed":false,"footnotes":""},"categories":[33],"tags":[],"class_list":["post-657","post","type-post","status-publish","format-standard","has-post-thumbnail","hentry","category-non-classe","wpbf-post"],"acf":[],"_links":{"self":[{"href":"https:\/\/selftherapie.com\/en\/wp-json\/wp\/v2\/posts\/657","targetHints":{"allow":["GET"]}}],"collection":[{"href":"https:\/\/selftherapie.com\/en\/wp-json\/wp\/v2\/posts"}],"about":[{"href":"https:\/\/selftherapie.com\/en\/wp-json\/wp\/v2\/types\/post"}],"author":[{"embeddable":true,"href":"https:\/\/selftherapie.com\/en\/wp-json\/wp\/v2\/users\/1"}],"replies":[{"embeddable":true,"href":"https:\/\/selftherapie.com\/en\/wp-json\/wp\/v2\/comments?post=657"}],"version-history":[{"count":0,"href":"https:\/\/selftherapie.com\/en\/wp-json\/wp\/v2\/posts\/657\/revisions"}],"wp:featuredmedia":[{"embeddable":true,"href":"https:\/\/selftherapie.com\/en\/wp-json\/wp\/v2\/media\/658"}],"wp:attachment":[{"href":"https:\/\/selftherapie.com\/en\/wp-json\/wp\/v2\/media?parent=657"}],"wp:term":[{"taxonomy":"category","embeddable":true,"href":"https:\/\/selftherapie.com\/en\/wp-json\/wp\/v2\/categories?post=657"},{"taxonomy":"post_tag","embeddable":true,"href":"https:\/\/selftherapie.com\/en\/wp-json\/wp\/v2\/tags?post=657"}],"curies":[{"name":"wp","href":"https:\/\/api.w.org\/{rel}","templated":true}]}}