{"id":643,"date":"2020-12-09T16:09:25","date_gmt":"2020-12-09T16:09:25","guid":{"rendered":"https:\/\/selftherapie.net\/trans-mutation-luniversite-dete-des-dirigeants-prives-et-publics\/"},"modified":"2020-12-09T16:09:25","modified_gmt":"2020-12-09T16:09:25","slug":"trans-mutation-luniversite-dete-des-dirigeants-prives-et-publics","status":"publish","type":"post","link":"https:\/\/selftherapie.com\/en\/trans-mutation-luniversite-dete-des-dirigeants-prives-et-publics\/","title":{"rendered":"Trans-mutation: The summer university for private and public sector managers"},"content":{"rendered":"<p style=\"text-align: justify;\">The seventh edition of Trans-Mutation (Summer University for Private and Public Leaders) will take place on Monday August 29, 2016 from 1:30 pm to 10:30 pm and Tuesday August 30 from 8:30 am to 3 pm, in Profondval (near Louvain-la-Neuve). Dr Le Doze will be speaking on August 30, on the theme of \u00bbTransforming power struggles into trust\u00bb.<\/p>\n<p style=\"text-align: justify;\">This talk is part of the more general theme for 2016: \u00abAssets and power\u00bb.<\/p>\n<p style=\"text-align: justify;\">More information in the diary and on the website:\u00a0<a href=\"http:\/\/www.trans-mutation.eu\/\" target=\"_blank\" rel=\"noopener noreferrer\">http:\/\/www.trans-mutation.eu\/<\/a><\/p>\n<p style=\"text-align: justify;\">\n<p>&nbsp;<\/p>","protected":false},"excerpt":{"rendered":"<p>La septi\u00e8me \u00e9dition de Trans-Mutation (Universit\u00e9 d&rsquo;\u00e9t\u00e9 des dirigeants priv\u00e9s et publics) aura lieu les lundi 29 ao\u00fbt 2016 de 13h30 \u00e0 22h30 et mardi 30 ao\u00fbt de 8h30 \u00e0 15h, \u00e0 Profondval (\u00e0 c\u00f4t\u00e9 de Louvain-la-Neuve).\u00a0Le Dr Le Doze y interviendra le 30 ao\u00fbt prochain, sur le th\u00e8me :\u00a0\u00bbTransformer les luttes de pouvoirs en [&hellip;]<\/p>\n","protected":false},"author":1,"featured_media":644,"comment_status":"open","ping_status":"open","sticky":false,"template":"","format":"standard","meta":{"_acf_changed":false,"footnotes":""},"categories":[30],"tags":[],"class_list":["post-643","post","type-post","status-publish","format-standard","has-post-thumbnail","hentry","category-conferences","wpbf-post"],"acf":[],"_links":{"self":[{"href":"https:\/\/selftherapie.com\/en\/wp-json\/wp\/v2\/posts\/643","targetHints":{"allow":["GET"]}}],"collection":[{"href":"https:\/\/selftherapie.com\/en\/wp-json\/wp\/v2\/posts"}],"about":[{"href":"https:\/\/selftherapie.com\/en\/wp-json\/wp\/v2\/types\/post"}],"author":[{"embeddable":true,"href":"https:\/\/selftherapie.com\/en\/wp-json\/wp\/v2\/users\/1"}],"replies":[{"embeddable":true,"href":"https:\/\/selftherapie.com\/en\/wp-json\/wp\/v2\/comments?post=643"}],"version-history":[{"count":0,"href":"https:\/\/selftherapie.com\/en\/wp-json\/wp\/v2\/posts\/643\/revisions"}],"wp:featuredmedia":[{"embeddable":true,"href":"https:\/\/selftherapie.com\/en\/wp-json\/wp\/v2\/media\/644"}],"wp:attachment":[{"href":"https:\/\/selftherapie.com\/en\/wp-json\/wp\/v2\/media?parent=643"}],"wp:term":[{"taxonomy":"category","embeddable":true,"href":"https:\/\/selftherapie.com\/en\/wp-json\/wp\/v2\/categories?post=643"},{"taxonomy":"post_tag","embeddable":true,"href":"https:\/\/selftherapie.com\/en\/wp-json\/wp\/v2\/tags?post=643"}],"curies":[{"name":"wp","href":"https:\/\/api.w.org\/{rel}","templated":true}]}}