{"id":588,"date":"2020-12-09T16:09:06","date_gmt":"2020-12-09T16:09:06","guid":{"rendered":"https:\/\/selftherapie.net\/intervention-ifs-au-congres-comment-liberer-son-potentiel-grace-aux-emotions\/"},"modified":"2020-12-09T16:09:06","modified_gmt":"2020-12-09T16:09:06","slug":"intervention-ifs-au-congres-comment-liberer-son-potentiel-grace-aux-emotions","status":"publish","type":"post","link":"https:\/\/selftherapie.com\/en\/intervention-ifs-au-congres-comment-liberer-son-potentiel-grace-aux-emotions\/","title":{"rendered":"IFS presentation at the congress: How can emotions unlock your potential?"},"content":{"rendered":"<div class=\"extrait\"><center>Thursday, December 4, 2014<br \/>\nPARIS - France<\/p>\n<p><\/center><\/div>\n<p>&nbsp;<\/p>\n<div class=\"imagetitre\"><center><img fetchpriority=\"high\" decoding=\"async\" class=\"attachment-medium wp-post-image\" src=\"http:\/\/ifs-francophonie.com\/wp-content\/uploads\/2014\/11\/congres.png\" alt=\"congres\" width=\"240\" height=\"240\" \/><\/center><\/div>\n<div id=\"corpsarticleseul\">\n<p>The Doctor <strong>Fran\u00e7ois le Doze<\/strong> will be speaking at the\u00a0<strong><em>How can emotions unlock your potential?<\/em><\/strong>\u00a0\"taking place on<strong> December 4 in Paris<\/strong>.<\/p>\n<p>&nbsp;<\/p>\n<p>\"For nearly 30 years, since its popularization by Daniel GOLEMAN, Emotional Intelligence has established itself as a personal development practice in Anglo-Saxon countries and among its French-speaking cousins. In France, Emotional Intelligence is being practiced and developed, and has given rise to a sometimes contradictory literature. Until now, no major event has taken stock of the situation and opened up its perspectives, particularly in terms of the systemic dimension.\"<\/p>\n<p>&nbsp;<\/p>\n<p>Practical information on the website :\u00a0<a href=\"http:\/\/www.congres-intelligence-emotionnelle.com\/\">http:\/\/www.congres-intelligence-emotionnelle.com\/<\/a><br \/>\nThe convention will be held on <strong>Thursday, December 4, 2014, 9 a.m. to 5:45 p.m.<\/strong>.<br \/>\nWelcome from 8:45 am.<\/p>\n<p>FORUM 104 : 104 Rue de Vaugirard 75006 PARIS<\/p>\n<p>M\u00b0: St Placide (L4) - Montparnasse (L4-6-12-13)<\/p>\n<p>Nearest train station: Gare Montparnasse.<\/p>\n<\/div>","protected":false},"excerpt":{"rendered":"<p>jeudi 4 d\u00e9cembre 2014 PARIS \u2013 France &nbsp; Le Docteur Fran\u00e7ois le Doze interviendra lors du congr\u00e8s \u00ab\u00a0Comment lib\u00e9rer son potentiel gr\u00e2ce aux \u00e9motions ?\u00a0\u00bb se d\u00e9roulant le 4 d\u00e9cembre prochain \u00e0 Paris. &nbsp; \u00ab\u00a0Depuis pr\u00e8s de 30 ans et sa vulgarisation par Daniel GOLEMAN, l\u2019Intelligence \u00e9motionnelle s\u2019est \u00e9tablie notamment comme une pratique de d\u00e9veloppement [&hellip;]<\/p>\n","protected":false},"author":1,"featured_media":589,"comment_status":"open","ping_status":"open","sticky":false,"template":"","format":"standard","meta":{"_acf_changed":false,"footnotes":""},"categories":[30],"tags":[],"class_list":["post-588","post","type-post","status-publish","format-standard","has-post-thumbnail","hentry","category-conferences","wpbf-post"],"acf":[],"_links":{"self":[{"href":"https:\/\/selftherapie.com\/en\/wp-json\/wp\/v2\/posts\/588","targetHints":{"allow":["GET"]}}],"collection":[{"href":"https:\/\/selftherapie.com\/en\/wp-json\/wp\/v2\/posts"}],"about":[{"href":"https:\/\/selftherapie.com\/en\/wp-json\/wp\/v2\/types\/post"}],"author":[{"embeddable":true,"href":"https:\/\/selftherapie.com\/en\/wp-json\/wp\/v2\/users\/1"}],"replies":[{"embeddable":true,"href":"https:\/\/selftherapie.com\/en\/wp-json\/wp\/v2\/comments?post=588"}],"version-history":[{"count":0,"href":"https:\/\/selftherapie.com\/en\/wp-json\/wp\/v2\/posts\/588\/revisions"}],"wp:featuredmedia":[{"embeddable":true,"href":"https:\/\/selftherapie.com\/en\/wp-json\/wp\/v2\/media\/589"}],"wp:attachment":[{"href":"https:\/\/selftherapie.com\/en\/wp-json\/wp\/v2\/media?parent=588"}],"wp:term":[{"taxonomy":"category","embeddable":true,"href":"https:\/\/selftherapie.com\/en\/wp-json\/wp\/v2\/categories?post=588"},{"taxonomy":"post_tag","embeddable":true,"href":"https:\/\/selftherapie.com\/en\/wp-json\/wp\/v2\/tags?post=588"}],"curies":[{"name":"wp","href":"https:\/\/api.w.org\/{rel}","templated":true}]}}