{"id":4242,"date":"2022-10-10T09:15:55","date_gmt":"2022-10-10T09:15:55","guid":{"rendered":"https:\/\/selftherapie.com\/?p=4242"},"modified":"2022-10-10T13:25:43","modified_gmt":"2022-10-10T13:25:43","slug":"conference-en-visio-live-avec-le-dr-francois-le-doze-et-pierre-portevin","status":"publish","type":"post","link":"https:\/\/selftherapie.com\/en\/conference-en-visio-live-avec-le-dr-francois-le-doze-et-pierre-portevin\/","title":{"rendered":"Live video conference with Dr Fran\u00e7ois Le Doze and Pierre Portevin"},"content":{"rendered":"<p>Dr Fran\u00e7ois Le Doze will shortly be talking about the \u00abIntelligence Relationnelle\u00a9\u00bb model at a live video conference hosted by Pierre Portevin, author, coach and lecturer.<\/p>\r\n\r\n\r\n\r\n<p>This conference will take place :<\/p>\r\n\r\n\r\n\r\n<p class=\"has-text-align-center\"><strong><mark class=\"has-inline-color has-vivid-red-color\" style=\"background-color: rgba(0,0,0,0); color: #cf2e2e;\">Thursday, October 27, 2022 at 6:30 p.m.<\/mark><\/strong><\/p>\r\n\r\n\r\n\r\n<p>We leave it to the organizer, Pierre Portevin, to introduce this talk:<\/p>\r\n\r\n\r\n<hr class=\"wp-block-separator has-alpha-channel-opacity\" \/>\r\n\r\n\r\n<p>In the company of neurologist Fran\u00e7ois Le Doze, we'll be talking about the innovative therapeutic model he created and has been practicing and teaching for several years: Relational Intelligence\u00a9.<br \/><br \/>Fran\u00e7ois Le Doze has been one of my most valuable trainers. He will talk to us about the \u00abWorld of Parts\u00bb, the autonomic nervous system, polyvagal theory, psychological safety and relational intelligence\u00a9.<br \/><br \/>Here are some of the questions I'll be putting to him, to be supplemented by those you'll be sending me in the next few days:<\/p>\r\n\r\n\r\n\r\n<ul class=\"wp-block-list\">\r\n<li>Why take an interest in trauma when you think you don't suffer from it?<\/li>\r\n<li>How did he come to identify the missing pieces in his practice, and then create this innovative therapeutic model?<\/li>\r\n<li>What do we call the Self and \u00abthe world of parts\u00bb?<\/li>\r\n<li>In what way did the IFS model already represent a break with the usual fields of therapy?<\/li>\r\n<li>What is Relational Intelligence\u00a9 and what does it bring to the table?<\/li>\r\n<li>What's the difference and why is it important?<\/li>\r\n<\/ul>\r\n\r\n\r\n<hr class=\"wp-block-separator has-alpha-channel-opacity\" \/>\r\n\r\n\r\n<div class=\"wp-block-buttons is-content-justification-center is-layout-flex wp-container-core-buttons-is-layout-a89b3969 wp-block-buttons-is-layout-flex\">\r\n<div class=\"wp-block-button has-custom-width wp-block-button__width-50\"><a class=\"wp-block-button__link has-luminous-vivid-orange-background-color has-background wp-element-button\" style=\"border-radius: 3px;\" href=\"https:\/\/formation.pierreportevin.net\/inscription-rencontre-avec-francois-le-doze-l-intelligence-relationnelle\/\">Online registration<\/a><\/div>\r\n<\/div>\r\n\r\n\r\n\r\n<figure class=\"wp-block-image size-large\"><\/figure>\r\n<p><img fetchpriority=\"high\" decoding=\"async\" src=\"https:\/\/selftherapie.com\/wp-content\/uploads\/2022\/10\/Adobe_Express_20221010_1520140_1-663x1024.png\" alt=\"\" width=\"663\" height=\"1024\" \/><\/p>","protected":false},"excerpt":{"rendered":"<p>Le Dr Fran\u00e7ois Le Doze interviendra prochainement pour \u00e9voquer le mod\u00e8le \u00ab\u00a0Intelligence Relationnelle\u00a9\u00a0\u00bb \u00e0 l&rsquo;occasion dune conf\u00e9rence en \u00ab\u00a0visio live\u00a0\u00bb sur l&rsquo;invitation de Pierre Portevin, auteur, coach et conf\u00e9rencier. Cette conf\u00e9rence aura lieu : Jeudi 27 octobre 2022 \u00e0 18h30 Nous laissons l&rsquo;organisateur, Pierre Portevin, pr\u00e9senter cette intervention : En compagnie du neurologue Fran\u00e7ois Le [&hellip;]<\/p>\n","protected":false},"author":1,"featured_media":4253,"comment_status":"open","ping_status":"open","sticky":false,"template":"","format":"standard","meta":{"_acf_changed":false,"footnotes":""},"categories":[1],"tags":[],"class_list":["post-4242","post","type-post","status-publish","format-standard","has-post-thumbnail","hentry","category-uncategorized","wpbf-post"],"acf":[],"_links":{"self":[{"href":"https:\/\/selftherapie.com\/en\/wp-json\/wp\/v2\/posts\/4242","targetHints":{"allow":["GET"]}}],"collection":[{"href":"https:\/\/selftherapie.com\/en\/wp-json\/wp\/v2\/posts"}],"about":[{"href":"https:\/\/selftherapie.com\/en\/wp-json\/wp\/v2\/types\/post"}],"author":[{"embeddable":true,"href":"https:\/\/selftherapie.com\/en\/wp-json\/wp\/v2\/users\/1"}],"replies":[{"embeddable":true,"href":"https:\/\/selftherapie.com\/en\/wp-json\/wp\/v2\/comments?post=4242"}],"version-history":[{"count":0,"href":"https:\/\/selftherapie.com\/en\/wp-json\/wp\/v2\/posts\/4242\/revisions"}],"wp:featuredmedia":[{"embeddable":true,"href":"https:\/\/selftherapie.com\/en\/wp-json\/wp\/v2\/media\/4253"}],"wp:attachment":[{"href":"https:\/\/selftherapie.com\/en\/wp-json\/wp\/v2\/media?parent=4242"}],"wp:term":[{"taxonomy":"category","embeddable":true,"href":"https:\/\/selftherapie.com\/en\/wp-json\/wp\/v2\/categories?post=4242"},{"taxonomy":"post_tag","embeddable":true,"href":"https:\/\/selftherapie.com\/en\/wp-json\/wp\/v2\/tags?post=4242"}],"curies":[{"name":"wp","href":"https:\/\/api.w.org\/{rel}","templated":true}]}}