{"id":3866,"date":"2022-04-09T07:26:44","date_gmt":"2022-04-09T07:26:44","guid":{"rendered":"https:\/\/selftherapie.com\/?p=3866"},"modified":"2022-04-09T07:26:44","modified_gmt":"2022-04-09T07:26:44","slug":"intervention-du-dr-francois-le-doze-le-21-avril-a-11h-au-sommet-en-ligne-quantum-way","status":"publish","type":"post","link":"https:\/\/selftherapie.com\/en\/intervention-du-dr-francois-le-doze-le-21-avril-a-11h-au-sommet-en-ligne-quantum-way\/","title":{"rendered":"Dr Fran\u00e7ois Le Doze to speak at the Quantum Way online summit on April 21 at 11 a.m."},"content":{"rendered":"<p>The Quantum Way online summit is just around the corner...<\/p>\n<p>This bilingual French-English summit kicks off on <strong>April 18.<\/strong><\/p>\n<p>The theme of the summit is :\u00a0<strong>TRAUMA ATTACHMENT &amp; RESILIENCE<\/strong><\/p>\n<p>Dr Fran\u00e7ois Le Doze will be speaking on the theme :<\/p>\n<p style=\"text-align: center;\"><strong>\u00abThe therapist as a secure attachment figure\u00bb<br \/>\nat the heart of the Relational Intelligence\u00ae model.<\/strong><\/p>\n<p>For more information and to register, click on the links below:<\/p>\n<p><a href=\"https:\/\/quantum-way.com\/evenements\/sommet-trauma-attachement-resilience-2022\/ref\/35\/\" target=\"_blank\" rel=\"noopener\"><img fetchpriority=\"high\" decoding=\"async\" class=\"alignnone wp-image-3870 size-full\" src=\"https:\/\/selftherapie.com\/wp-content\/uploads\/2022\/04\/Banniere-TAR22_1640x92498.jpg\" alt=\"\" width=\"1640\" height=\"924\" srcset=\"https:\/\/selftherapie.com\/wp-content\/uploads\/2022\/04\/Banniere-TAR22_1640x92498.jpg 1640w, https:\/\/selftherapie.com\/wp-content\/uploads\/2022\/04\/Banniere-TAR22_1640x92498-300x169.jpg 300w, https:\/\/selftherapie.com\/wp-content\/uploads\/2022\/04\/Banniere-TAR22_1640x92498-1024x577.jpg 1024w, https:\/\/selftherapie.com\/wp-content\/uploads\/2022\/04\/Banniere-TAR22_1640x92498-768x433.jpg 768w, https:\/\/selftherapie.com\/wp-content\/uploads\/2022\/04\/Banniere-TAR22_1640x92498-1536x865.jpg 1536w, https:\/\/selftherapie.com\/wp-content\/uploads\/2022\/04\/Banniere-TAR22_1640x92498-18x10.jpg 18w\" sizes=\"(max-width: 1640px) 100vw, 1640px\" \/><\/a><\/p>\n<p>&nbsp;<\/p>","protected":false},"excerpt":{"rendered":"<p>Le sommet en ligne \u00ab\u00a0Quantum Way\u00a0\u00bb arrive \u00e0 grands pas&#8230; Ce sommet bilingue Fran\u00e7ais-Anglais, d\u00e9bute en effet le 18 avril prochain. Ce sommet a pour th\u00e9matique :\u00a0TRAUMA ATTACHEMENT &amp; RESILIENCE Le Dr Fran\u00e7ois Le Doze y interviendra sur le th\u00e8me : \u00ab\u00a0Le th\u00e9rapeute, fuigure d&rsquo;attachement secure\u00a0\u00bb au coeur du mod\u00e8le Intelligence Relationnelle\u00ae. Pour plus d\u2019informations [&hellip;]<\/p>\n","protected":false},"author":1,"featured_media":3867,"comment_status":"open","ping_status":"open","sticky":false,"template":"","format":"standard","meta":{"_acf_changed":false,"footnotes":""},"categories":[30],"tags":[],"class_list":["post-3866","post","type-post","status-publish","format-standard","has-post-thumbnail","hentry","category-conferences","wpbf-post"],"acf":[],"_links":{"self":[{"href":"https:\/\/selftherapie.com\/en\/wp-json\/wp\/v2\/posts\/3866","targetHints":{"allow":["GET"]}}],"collection":[{"href":"https:\/\/selftherapie.com\/en\/wp-json\/wp\/v2\/posts"}],"about":[{"href":"https:\/\/selftherapie.com\/en\/wp-json\/wp\/v2\/types\/post"}],"author":[{"embeddable":true,"href":"https:\/\/selftherapie.com\/en\/wp-json\/wp\/v2\/users\/1"}],"replies":[{"embeddable":true,"href":"https:\/\/selftherapie.com\/en\/wp-json\/wp\/v2\/comments?post=3866"}],"version-history":[{"count":0,"href":"https:\/\/selftherapie.com\/en\/wp-json\/wp\/v2\/posts\/3866\/revisions"}],"wp:featuredmedia":[{"embeddable":true,"href":"https:\/\/selftherapie.com\/en\/wp-json\/wp\/v2\/media\/3867"}],"wp:attachment":[{"href":"https:\/\/selftherapie.com\/en\/wp-json\/wp\/v2\/media?parent=3866"}],"wp:term":[{"taxonomy":"category","embeddable":true,"href":"https:\/\/selftherapie.com\/en\/wp-json\/wp\/v2\/categories?post=3866"},{"taxonomy":"post_tag","embeddable":true,"href":"https:\/\/selftherapie.com\/en\/wp-json\/wp\/v2\/tags?post=3866"}],"curies":[{"name":"wp","href":"https:\/\/api.w.org\/{rel}","templated":true}]}}