{"id":3818,"date":"2022-03-18T13:34:48","date_gmt":"2022-03-18T13:34:48","guid":{"rendered":"https:\/\/selftherapie.com\/sommet-en-ligne-trauma-attachement-resilience-francois-le-doze-invite-de-quantum-way-le-22-04-2021-a-19h-copy\/"},"modified":"2022-03-20T12:14:37","modified_gmt":"2022-03-20T12:14:37","slug":"sommet-en-ligne-trauma-attachement-resilience2","status":"publish","type":"post","link":"https:\/\/selftherapie.com\/en\/sommet-en-ligne-trauma-attachement-resilience2\/","title":{"rendered":"ONLINE SUMMIT - TRAUMA ATTACHMENT &amp; RESILIENCE - FRANCOIS LE DOZE INVITED BY QUANTUM WAY"},"content":{"rendered":"<p><a href=\"https:\/\/quantum-way.com\/evenements\/sommet-en-ligne-trauma-attachement-resilience-2021\/\" target=\"_blank\" rel=\"noopener\"><img decoding=\"async\" class=\"alignleft\" src=\"https:\/\/quantum-way.com\/wp-content\/uploads\/2020\/11\/logo-quantum-way-congres.png\" alt=\"LOGO QUANTUM WAY CONGRES\" width=\"230\" height=\"204\" \/><\/a><\/p>\n<p>Like last year, Quantum Way is organizing a bilingual French-English online summit, from <strong>April 18 to 24, 2022.<\/strong><\/p>\n<p>The theme of the summit is : <strong>TRAUMA ATTACHMENT &amp; RESILIENCE<\/strong><\/p>\n<p>Dr Fran\u00e7ois Le Doze will talk about Trauma &amp; the Relational Intelligence\u00ae model.<\/p>\n<p>For more information and to register, click on the link below:<\/p>\n<p><a href=\"https:\/\/quantum-way.com\/evenements\/sommet-trauma-attachement-resilience-2022\/ref\/35\/\" target=\"_blank\" rel=\"noopener\"><img fetchpriority=\"high\" decoding=\"async\" class=\"alignnone wp-image-3820 size-full\" src=\"https:\/\/selftherapie.com\/wp-content\/uploads\/2022\/03\/2022-03-18_14h30_46.png\" alt=\"\" width=\"1223\" height=\"601\" srcset=\"https:\/\/selftherapie.com\/wp-content\/uploads\/2022\/03\/2022-03-18_14h30_46.png 1223w, https:\/\/selftherapie.com\/wp-content\/uploads\/2022\/03\/2022-03-18_14h30_46-300x147.png 300w, https:\/\/selftherapie.com\/wp-content\/uploads\/2022\/03\/2022-03-18_14h30_46-1024x503.png 1024w, https:\/\/selftherapie.com\/wp-content\/uploads\/2022\/03\/2022-03-18_14h30_46-768x377.png 768w, https:\/\/selftherapie.com\/wp-content\/uploads\/2022\/03\/2022-03-18_14h30_46-18x9.png 18w\" sizes=\"(max-width: 1223px) 100vw, 1223px\" \/><\/a><\/p>\n<div class=\"elementor-element elementor-element-a6b738c elementor-widget elementor-widget-heading\" data-id=\"a6b738c\" data-element_type=\"widget\" data-widget_type=\"heading.default\">\n<div class=\"elementor-widget-container\">\n<div class=\"elementor-element elementor-element-b2f92bf elementor-widget elementor-widget-heading\" data-id=\"b2f92bf\" data-element_type=\"widget\" data-widget_type=\"heading.default\">\n<div class=\"elementor-widget-container\">\n<h2 class=\"elementor-heading-title elementor-size-default\">This summit is aimed at :<\/h2>\n<\/div>\n<\/div>\n<div class=\"elementor-element elementor-element-abc5584 elementor-position-left elementor-view-default elementor-vertical-align-top elementor-widget elementor-widget-icon-box\" data-id=\"abc5584\" data-element_type=\"widget\" data-settings=\"{&quot;_animation&quot;:&quot;none&quot;}\" data-widget_type=\"icon-box.default\">\n<div class=\"elementor-widget-container\">\n<div class=\"elementor-icon-box-wrapper\">\n<div class=\"elementor-icon-box-content\">\n<p class=\"elementor-icon-box-title\"><strong>Healthcare and support professionals:<\/strong>\u00a0doctors, psychotherapists, psychiatrists, psychologists, nurses, physiotherapists, speech therapists, alternative or energy therapists, coaches, yoga teachers, meditation teachers, educators, social workers, emergency shelters, associations, etc.\u00a0<strong>who want to enrich their own practice, take better care of the traumatized person or refer them to a \u00abtrauma-informed\u00bb specialist.<\/strong><\/p>\n<\/div>\n<\/div>\n<\/div>\n<\/div>\n<div class=\"elementor-element elementor-element-13261f4 elementor-position-left elementor-view-default elementor-vertical-align-top elementor-widget elementor-widget-icon-box\" data-id=\"13261f4\" data-element_type=\"widget\" data-settings=\"{&quot;_animation&quot;:&quot;none&quot;}\" data-widget_type=\"icon-box.default\">\n<div class=\"elementor-widget-container\">\n<div class=\"elementor-icon-box-wrapper\">\n<div class=\"elementor-icon-box-content\">\n<p class=\"elementor-icon-box-title\"><strong>For the enlightened general public interested in psychology\u00a0<\/strong>and more specifically to the issues of trauma, attachment and resilience.<\/p>\n<\/div>\n<\/div>\n<\/div>\n<\/div>\n<div class=\"elementor-element elementor-element-c487945 elementor-position-left elementor-view-default elementor-vertical-align-top elementor-widget elementor-widget-icon-box\" data-id=\"c487945\" data-element_type=\"widget\" data-settings=\"{&quot;_animation&quot;:&quot;none&quot;}\" data-widget_type=\"icon-box.default\">\n<div class=\"elementor-widget-container\">\n<div class=\"elementor-icon-box-wrapper\">\n<div class=\"elementor-icon-box-content\">\n<p class=\"elementor-icon-box-title\"><strong>Individual victims of trauma,<\/strong>\u00a0suffering from attachment disorder, generalized anxiety or other symptoms with traumatic origins, seeking keys to a better understanding of their situation and ways to transcend a traumatic event.<\/p>\n<hr \/>\n<\/div>\n<\/div>\n<\/div>\n<\/div>\n<h4 class=\"elementor-heading-title elementor-size-default\">Talking about trauma, disseminating new ways of dealing with it, freeing victims to speak out and raising awareness of the issue is a societal challenge.<\/h4>\n<\/div>\n<\/div>\n<div class=\"elementor-element elementor-element-b2c578a elementor-widget elementor-widget-text-editor\" data-id=\"b2c578a\" data-element_type=\"widget\" data-widget_type=\"text-editor.default\">\n<div class=\"elementor-widget-container\">\n<div class=\"elementor-text-editor elementor-clearfix\">\n<p>Trauma is a prison. Many people are not always aware that they are carrying a trauma that is holding back their development and affecting their ability to live a fulfilling life. They are not necessarily aware that they are the victims and survivors of traumas which have not been heard, digested or soothed, and which are stored in their body or psyche.<\/p>\n<p>Talking about attachment and trauma in the open, without taboos and with a great deal of kindness, in a virtual conference, accessible free of charge, can help these suffering people understand that what they are experiencing is the result of trauma, neglect, violence, shock... experienced in early childhood, in adulthood, inherited from their elders or experienced on the scale of the community, of society.<\/p>\n<p>The \"Trauma, Attachment &amp; Resilience\" virtual summit aims to give healthcare and support professionals the keys to spotting, soothing and caring for the signs of suffering in children or adults they encounter in their practice. We aim to shed new light on trauma, attachment wounds and their consequences for everyone, using a wide range of approaches and techniques such as Mindfulness, IFS, Polyvagal theory, EMDR, EFT...<\/p>\n<\/div>\n<\/div>\n<\/div>\n<div class=\"elementor-element elementor-element-d55cea1 elementor-widget elementor-widget-heading\" data-id=\"d55cea1\" data-element_type=\"widget\" data-widget_type=\"heading.default\">\n<div class=\"elementor-widget-container\">\n<h4 class=\"elementor-heading-title elementor-size-default\">Liz, Florence, Jean-Michel<\/h4>\n<\/div>\n<\/div>","protected":false},"excerpt":{"rendered":"<p>Comme l&rsquo;an pass\u00e9, Quantum Way organise un sommet en ligne bilingue Fran\u00e7ais-Anglais, du 18 au 24 avril 2022. Ce sommet a pour th\u00e9matique : TRAUMA ATTACHEMENT &amp; RESILIENCE Le Dr Fran\u00e7ois Le Doze y interviendra \u00e9voquera le Trauma &amp; le mod\u00e8le Intelligence Relationnelle\u00ae. Pour plus d&rsquo;informations et vous inscrire, cliquez sur le lien ci-dessous : [&hellip;]<\/p>\n","protected":false},"author":1,"featured_media":3820,"comment_status":"open","ping_status":"open","sticky":false,"template":"","format":"standard","meta":{"_acf_changed":false,"footnotes":""},"categories":[30],"tags":[],"class_list":["post-3818","post","type-post","status-publish","format-standard","has-post-thumbnail","hentry","category-conferences","wpbf-post"],"acf":[],"_links":{"self":[{"href":"https:\/\/selftherapie.com\/en\/wp-json\/wp\/v2\/posts\/3818","targetHints":{"allow":["GET"]}}],"collection":[{"href":"https:\/\/selftherapie.com\/en\/wp-json\/wp\/v2\/posts"}],"about":[{"href":"https:\/\/selftherapie.com\/en\/wp-json\/wp\/v2\/types\/post"}],"author":[{"embeddable":true,"href":"https:\/\/selftherapie.com\/en\/wp-json\/wp\/v2\/users\/1"}],"replies":[{"embeddable":true,"href":"https:\/\/selftherapie.com\/en\/wp-json\/wp\/v2\/comments?post=3818"}],"version-history":[{"count":0,"href":"https:\/\/selftherapie.com\/en\/wp-json\/wp\/v2\/posts\/3818\/revisions"}],"wp:featuredmedia":[{"embeddable":true,"href":"https:\/\/selftherapie.com\/en\/wp-json\/wp\/v2\/media\/3820"}],"wp:attachment":[{"href":"https:\/\/selftherapie.com\/en\/wp-json\/wp\/v2\/media?parent=3818"}],"wp:term":[{"taxonomy":"category","embeddable":true,"href":"https:\/\/selftherapie.com\/en\/wp-json\/wp\/v2\/categories?post=3818"},{"taxonomy":"post_tag","embeddable":true,"href":"https:\/\/selftherapie.com\/en\/wp-json\/wp\/v2\/tags?post=3818"}],"curies":[{"name":"wp","href":"https:\/\/api.w.org\/{rel}","templated":true}]}}