{"id":2911,"date":"2021-04-05T08:59:04","date_gmt":"2021-04-05T08:59:04","guid":{"rendered":"https:\/\/selftherapie.com\/?p=2911"},"modified":"2021-04-05T08:59:04","modified_gmt":"2021-04-05T08:59:04","slug":"sommet-en-ligne-trauma-attachement-resilience-francois-le-doze-invite-de-quantum-way-le-22-04-2021-a-19h","status":"publish","type":"post","link":"https:\/\/selftherapie.com\/en\/sommet-en-ligne-trauma-attachement-resilience-francois-le-doze-invite-de-quantum-way-le-22-04-2021-a-19h\/","title":{"rendered":"SOMMET EN LIGNE - TRAUMA ATTACHMENT &amp; RESILIENCE - FRANCOIS LE DOZE INVITE DE QUANTUM WAY 22\/04\/2021 \u00e0 19H"},"content":{"rendered":"<p><a href=\"https:\/\/quantum-way.com\/evenements\/sommet-en-ligne-trauma-attachement-resilience-2021\/\" target=\"_blank\" rel=\"noopener\"><img decoding=\"async\" class=\"alignleft\" src=\"https:\/\/quantum-way.com\/wp-content\/uploads\/2020\/11\/logo-quantum-way-congres.png\" alt=\"LOGO QUANTUM WAY CONGRES\" width=\"230\" height=\"204\" \/><\/a><\/p>\n<p>Quantum Way organizes a bilingual French-English online summit, from <strong>April 21 to 26, 2021.<\/strong><\/p>\n<p>The theme of this summit is: TRAUMA ATTACHEMENT &amp; RESILIENCE<\/p>\n<p>On April 22 at 7pm, Dr Fran\u00e7ois Le Doze will talk about Trauma &amp; the Relational Intelligence\u00ae model.<\/p>\n<p>To register, click on the link below:<\/p>\n<p><a href=\"https:\/\/quantum-way.com\/espace-sommet-trauma-attachement-resilience-2021\" target=\"_blank\" rel=\"noopener\"><img fetchpriority=\"high\" decoding=\"async\" class=\"alignnone wp-image-2914\" src=\"https:\/\/selftherapie.com\/wp-content\/uploads\/2021\/04\/2021-04-05_10h57_26.png\" alt=\"\" width=\"809\" height=\"360\" srcset=\"https:\/\/selftherapie.com\/wp-content\/uploads\/2021\/04\/2021-04-05_10h57_26.png 1405w, https:\/\/selftherapie.com\/wp-content\/uploads\/2021\/04\/2021-04-05_10h57_26-300x133.png 300w, https:\/\/selftherapie.com\/wp-content\/uploads\/2021\/04\/2021-04-05_10h57_26-1024x456.png 1024w, https:\/\/selftherapie.com\/wp-content\/uploads\/2021\/04\/2021-04-05_10h57_26-768x342.png 768w, https:\/\/selftherapie.com\/wp-content\/uploads\/2021\/04\/2021-04-05_10h57_26-16x7.png 16w\" sizes=\"(max-width: 809px) 100vw, 809px\" \/><\/a><\/p>\n<p>&nbsp;<\/p>","protected":false},"excerpt":{"rendered":"<p>Quantum Way organise un sommet en ligne bilingue Fran\u00e7ais-Anglais, du 21 au 26 avril 2021. Ce sommet a pour th\u00e9matique : TRAUMA ATTACHEMENT &amp; RESILIENCE Le Dr Fran\u00e7ois Le Doze y interviendra le 22 avril \u00e0 19h et \u00e9voquera le Trauma &amp; le mod\u00e8le Intelligence Relationnelle\u00ae. Pour vous inscrire, cliquez sur le lien ci-dessous : [&hellip;]<\/p>\n","protected":false},"author":1,"featured_media":2912,"comment_status":"open","ping_status":"open","sticky":false,"template":"","format":"standard","meta":{"_acf_changed":false,"footnotes":""},"categories":[30],"tags":[],"class_list":["post-2911","post","type-post","status-publish","format-standard","has-post-thumbnail","hentry","category-conferences","wpbf-post"],"acf":[],"_links":{"self":[{"href":"https:\/\/selftherapie.com\/en\/wp-json\/wp\/v2\/posts\/2911","targetHints":{"allow":["GET"]}}],"collection":[{"href":"https:\/\/selftherapie.com\/en\/wp-json\/wp\/v2\/posts"}],"about":[{"href":"https:\/\/selftherapie.com\/en\/wp-json\/wp\/v2\/types\/post"}],"author":[{"embeddable":true,"href":"https:\/\/selftherapie.com\/en\/wp-json\/wp\/v2\/users\/1"}],"replies":[{"embeddable":true,"href":"https:\/\/selftherapie.com\/en\/wp-json\/wp\/v2\/comments?post=2911"}],"version-history":[{"count":0,"href":"https:\/\/selftherapie.com\/en\/wp-json\/wp\/v2\/posts\/2911\/revisions"}],"wp:featuredmedia":[{"embeddable":true,"href":"https:\/\/selftherapie.com\/en\/wp-json\/wp\/v2\/media\/2912"}],"wp:attachment":[{"href":"https:\/\/selftherapie.com\/en\/wp-json\/wp\/v2\/media?parent=2911"}],"wp:term":[{"taxonomy":"category","embeddable":true,"href":"https:\/\/selftherapie.com\/en\/wp-json\/wp\/v2\/categories?post=2911"},{"taxonomy":"post_tag","embeddable":true,"href":"https:\/\/selftherapie.com\/en\/wp-json\/wp\/v2\/tags?post=2911"}],"curies":[{"name":"wp","href":"https:\/\/api.w.org\/{rel}","templated":true}]}}