{"id":715,"date":"2020-12-09T16:09:52","date_gmt":"2020-12-09T16:09:52","guid":{"rendered":"https:\/\/selftherapie.net\/grand-sommet-virtuel-urgence-covid-19\/"},"modified":"2020-12-09T16:09:52","modified_gmt":"2020-12-09T16:09:52","slug":"grand-sommet-virtuel-urgence-covid-19","status":"publish","type":"post","link":"http:\/\/selftherapie.com\/en\/grand-sommet-virtuel-urgence-covid-19\/","title":{"rendered":"COVID-19 EMERGENCY\u00ab virtual summit\u00bb"},"content":{"rendered":"<p><img fetchpriority=\"high\" decoding=\"async\" class=\"wp-image-4527 size-full aligncenter\" src=\"https:\/\/www.selftherapie.com\/wp-content\/uploads\/2020\/04\/Sommet-quantum-way-2020-600x200-1.png\" alt=\"\" width=\"600\" height=\"200\" \/><\/p>\n<p>Dr. Fran\u00e7ois Le Doze will be speaking next week at the \u00abQuantum Way\u00bb virtual congress, held from April 16 to 19, 2020, on the topic of fear and anxiety in the face of Covid-19.<\/p>\n<p>This unique gathering of the world's leading experts in their fields (psychology, energetic psychology, psychotherapy, personal development), free of charge, online and in French, will also feature, among others: Dawson Church, David Feinstein, Donna Eden, Joe Dispenza, Gary Groesbeck, Deirdre Fay, Fran\u00e7ois Le Doze, Asha Clinton, Jean-Michel Gurret, Willem Lammers, Rollin McCraty...<\/p>\n<p><img decoding=\"async\" class=\"aligncenter wp-image-4531 size-full\" src=\"https:\/\/www.selftherapie.com\/wp-content\/uploads\/2020\/04\/Sommet-quantum-way-2020-les-experts.png\" alt=\"\" width=\"920\" height=\"676\" \/><\/p>\n<div>In a spirit of solidarity and generosity, everyone rallied round to share their tools with us in order to\u00a0<strong>help us manage our fears and anxiety<\/strong>. They will share with us their\u00a0<strong>resources to support us emotionally and psychologically<\/strong>\u00a0in the face of the current COVID-19 crisis.<br \/>\nFeeling anxious and fearful in the face of a threat is a perfectly normal reaction. However, we all know that too much anxiety can have serious repercussions on our psychological and physical state, especially when exposure to a threat or difficulty is abnormally long.<\/div>\n<div><strong><br \/>\nHow can we transform these difficulties into opportunities for growth? How can we connect with the best version of ourselves? Where can I find my inner resources? How can we reconnect with what's essential? How can we take care of ourselves and others?<\/strong><\/div>\n<div>\n<p>Our experts share their best resources to help you go \u201cbeyond the veil\u201d and make this moment the starting point of a new humanity.<\/p>\n<hr \/>\n<\/div>\n<div><\/div>\n<div>On the program for this event:<\/div>\n<div>\n<ul>\n<li><strong>4 inspiring and caring days <\/strong>to share to face the current crisis<\/li>\n<li><strong>Nearly 20 guests<\/strong>experts in their field, never together on the same French-speaking stage<\/li>\n<li><strong>20 never-before-seen videos in French<\/strong> free online access for 24 hours (for Virtual Summit registrants)<\/li>\n<li><strong>At least 8 exclusive live appointments <\/strong>(each day, at 5:00 pm and 8:00 pm Paris time), during which our experts will answer your questions (available in French with simultaneous translation).<\/li>\n<li><strong>Dozens of shared techniques, exercises and tools<\/strong><br \/>\nto learn how to manage our fear and anxiety and come out of this current crisis stronger: energetic psychology, psychotherapy, mindfulness meditation, Relational Intelligence, IFS, EFT, Neurofeedback...<\/li>\n<li><strong>A pack containing all the videos, replays of the conferences and numerous bonuses sold.<\/strong> at low prices, in a spirit of solidarity in these difficult times (pre-sales offered on registration)<\/li>\n<\/ul>\n<\/div>\n<div><\/div>\n<div>If you would like to take part in this virtual summit, simply click on one of the links below.<\/div>\n<div><\/div>\n<div><\/div>\n<div>\n<table style=\"border-collapse: collapse; width: 100%;\">\n<tbody>\n<tr>\n<td style=\"width: 50%;\">\n<div style=\"text-align: center;\"><strong>Free access<\/strong><\/div>\n<div><a href=\"https:\/\/quantumway.podia.com\/sommet-gratuit\/yrott\" target=\"_blank\" rel=\"noopener noreferrer\"><img decoding=\"async\" class=\"aligncenter wp-image-4520\" src=\"https:\/\/www.selftherapie.com\/wp-content\/uploads\/2020\/04\/d2e337a4f6900f8d0798c596eb0607a8e0c2fbddb6a7ab7afcd60009c119d4c7.png\" alt=\"\" width=\"450\" height=\"278\" \/><\/a><\/div>\n<\/td>\n<td style=\"width: 50%;\">\n<div style=\"text-align: center;\"><strong>Complete package<\/strong><\/div>\n<div><a href=\"https:\/\/quantumway.podia.com\/pack-sommet-virtuel-peur-et-anxiete-des-ressources-pour-y-faire-face-avril-2020\/yrott\" target=\"_blank\" rel=\"noopener noreferrer\"><img loading=\"lazy\" decoding=\"async\" class=\"wp-image-4525 size-full aligncenter\" src=\"https:\/\/www.selftherapie.com\/wp-content\/uploads\/2020\/04\/d2e337a4f6900f8d0798c596eb0607a8e0c2fbddb6a7ab7afcd60009c119d4c7-2.png\" alt=\"\" width=\"450\" height=\"315\" \/><\/a><\/div>\n<\/td>\n<\/tr>\n<\/tbody>\n<\/table>\n<\/div>\n<div><\/div>\n<div><\/div>\n<div><\/div>\n<div><\/div>\n<p>&nbsp;<\/p>","protected":false},"excerpt":{"rendered":"<p>Le Dr. Fran\u00e7ois Le Doze interviendra la semaine prochaine au congr\u00e8s virtuel \u00ab\u00a0Quantum Way\u00a0\u00bb, organis\u00e9 du 16 au 19 avril 2020, sur la th\u00e9matique de la peur et de l&rsquo;anxi\u00e9t\u00e9 face au Covid-19. Ce rendez-vous in\u00e9dit rassemblant les plus grands experts internationaux dans leur domaine (psychologie, psychologie energ\u00e9tique, psychoth\u00e9rapie, d\u00e9veloppement personnel), gratuit, en ligne et [&hellip;]<\/p>\n","protected":false},"author":1,"featured_media":716,"comment_status":"open","ping_status":"open","sticky":false,"template":"","format":"standard","meta":{"_acf_changed":false,"footnotes":""},"categories":[28,30],"tags":[],"class_list":["post-715","post","type-post","status-publish","format-standard","has-post-thumbnail","hentry","category-articles","category-conferences","wpbf-post"],"acf":[],"_links":{"self":[{"href":"http:\/\/selftherapie.com\/en\/wp-json\/wp\/v2\/posts\/715","targetHints":{"allow":["GET"]}}],"collection":[{"href":"http:\/\/selftherapie.com\/en\/wp-json\/wp\/v2\/posts"}],"about":[{"href":"http:\/\/selftherapie.com\/en\/wp-json\/wp\/v2\/types\/post"}],"author":[{"embeddable":true,"href":"http:\/\/selftherapie.com\/en\/wp-json\/wp\/v2\/users\/1"}],"replies":[{"embeddable":true,"href":"http:\/\/selftherapie.com\/en\/wp-json\/wp\/v2\/comments?post=715"}],"version-history":[{"count":0,"href":"http:\/\/selftherapie.com\/en\/wp-json\/wp\/v2\/posts\/715\/revisions"}],"wp:featuredmedia":[{"embeddable":true,"href":"http:\/\/selftherapie.com\/en\/wp-json\/wp\/v2\/media\/716"}],"wp:attachment":[{"href":"http:\/\/selftherapie.com\/en\/wp-json\/wp\/v2\/media?parent=715"}],"wp:term":[{"taxonomy":"category","embeddable":true,"href":"http:\/\/selftherapie.com\/en\/wp-json\/wp\/v2\/categories?post=715"},{"taxonomy":"post_tag","embeddable":true,"href":"http:\/\/selftherapie.com\/en\/wp-json\/wp\/v2\/tags?post=715"}],"curies":[{"name":"wp","href":"https:\/\/api.w.org\/{rel}","templated":true}]}}